{"id":1249,"date":"2015-08-02T06:48:51","date_gmt":"2015-08-02T06:48:51","guid":{"rendered":"http:\/\/www.stiftstams.at\/?p=1249"},"modified":"2015-08-02T06:48:51","modified_gmt":"2015-08-02T06:48:51","slug":"radikalisierung","status":"publish","type":"post","link":"https:\/\/www.stiftstams.at\/?p=1249","title":{"rendered":"Radikalisierung"},"content":{"rendered":"<p><span style=\"font-family: Helvetica; font-size: small;\">Die Radikalisierung ist nicht nur in der t\u00e4tlichen Auseinandersetzung zu finden, sie ist in allen Bereichen des Lebens m\u00f6glich und auch vielfach vorhanden. Wir k\u00f6nnen sie in der Politik beobachten, wo die einzelnen Argumente immer zugespitzter werden und immer weniger mit dem Kontext der Gesellschaft verbunden sind. Wir k\u00f6nnen sie auch in der zwischenmenschlichen Kommunikation beobachten, wo die Menschen einander immer weniger verstehen. Wir beobachten sie in den religi\u00f6sen \u00dcberzeugungen, wo die Menschen f\u00fcr einander immer weniger Toleranz aufbringen. Gerade Religion erweist ihre Echtheit in lebendigen Beziehungen. Einheit, dass keine Gleichf\u00f6rmigkeit ist und schon gar nicht Gleichmacherei hei\u00dft, ist Voraussetzung f\u00fcr ein funktionierendes Miteinander in Gemeinschaft und Staat. <\/span><\/p>\n<p><span style=\"font-family: Helvetica; font-size: small;\">\u00a0<\/span><\/p>\n<p><span style=\"font-family: Helvetica; font-size: small;\">Hannes Binder, Priester der Di\u00f6zese Innsbruck<\/span><\/p>","protected":false},"excerpt":{"rendered":"<p>Die Radikalisierung ist nicht nur in der t\u00e4tlichen Auseinandersetzung zu finden, sie ist in allen Bereichen des Lebens m\u00f6glich und auch vielfach vorhanden. Wir k\u00f6nnen sie in der Politik beobachten, wo die einzelnen Argumente immer zugespitzter werden und immer weniger [&#8230;]<\/p>\n","protected":false},"author":2,"featured_media":0,"comment_status":"closed","ping_status":"closed","sticky":false,"template":"","format":"standard","meta":[],"categories":[1],"tags":[],"_links":{"self":[{"href":"https:\/\/www.stiftstams.at\/index.php?rest_route=\/wp\/v2\/posts\/1249"}],"collection":[{"href":"https:\/\/www.stiftstams.at\/index.php?rest_route=\/wp\/v2\/posts"}],"about":[{"href":"https:\/\/www.stiftstams.at\/index.php?rest_route=\/wp\/v2\/types\/post"}],"author":[{"embeddable":true,"href":"https:\/\/www.stiftstams.at\/index.php?rest_route=\/wp\/v2\/users\/2"}],"replies":[{"embeddable":true,"href":"https:\/\/www.stiftstams.at\/index.php?rest_route=%2Fwp%2Fv2%2Fcomments&post=1249"}],"version-history":[{"count":1,"href":"https:\/\/www.stiftstams.at\/index.php?rest_route=\/wp\/v2\/posts\/1249\/revisions"}],"predecessor-version":[{"id":1250,"href":"https:\/\/www.stiftstams.at\/index.php?rest_route=\/wp\/v2\/posts\/1249\/revisions\/1250"}],"wp:attachment":[{"href":"https:\/\/www.stiftstams.at\/index.php?rest_route=%2Fwp%2Fv2%2Fmedia&parent=1249"}],"wp:term":[{"taxonomy":"category","embeddable":true,"href":"https:\/\/www.stiftstams.at\/index.php?rest_route=%2Fwp%2Fv2%2Fcategories&post=1249"},{"taxonomy":"post_tag","embeddable":true,"href":"https:\/\/www.stiftstams.at\/index.php?rest_route=%2Fwp%2Fv2%2Ftags&post=1249"}],"curies":[{"name":"wp","href":"https:\/\/api.w.org\/{rel}","templated":true}]}}