{"id":1258,"date":"2015-09-02T07:26:27","date_gmt":"2015-09-02T07:26:27","guid":{"rendered":"http:\/\/www.stiftstams.at\/?p=1258"},"modified":"2015-09-04T15:43:28","modified_gmt":"2015-09-04T15:43:28","slug":"einweihung-der-neuen-stiftsorgel","status":"publish","type":"post","link":"https:\/\/www.stiftstams.at\/?p=1258","title":{"rendered":"Einweihung der neuen Stiftsorgel"},"content":{"rendered":"<p><span style=\"font-family: Calibri;\"><div id='gallery-1' class='gallery galleryid-1258 gallery-columns-4 gallery-size-thumbnail'><dl class='gallery-item'>\n\t\t\t<dt class='gallery-icon landscape'>\n\t\t\t\t<a href='https:\/\/www.stiftstams.at\/wp-content\/uploads\/2015\/09\/P8300770sc.jpg'><img width=\"150\" height=\"150\" src=\"https:\/\/www.stiftstams.at\/wp-content\/uploads\/2015\/09\/P8300770sc-150x150.jpg\" class=\"attachment-thumbnail size-thumbnail\" alt=\"\" loading=\"lazy\" srcset=\"https:\/\/www.stiftstams.at\/wp-content\/uploads\/2015\/09\/P8300770sc-150x150.jpg 150w, https:\/\/www.stiftstams.at\/wp-content\/uploads\/2015\/09\/P8300770sc-92x92.jpg 92w\" sizes=\"(max-width: 150px) 100vw, 150px\" \/><\/a>\n\t\t\t<\/dt><\/dl><dl class='gallery-item'>\n\t\t\t<dt class='gallery-icon portrait'>\n\t\t\t\t<a href='https:\/\/www.stiftstams.at\/wp-content\/uploads\/2015\/09\/P8300774sc.jpg'><img width=\"150\" height=\"150\" src=\"https:\/\/www.stiftstams.at\/wp-content\/uploads\/2015\/09\/P8300774sc-150x150.jpg\" class=\"attachment-thumbnail size-thumbnail\" alt=\"\" loading=\"lazy\" srcset=\"https:\/\/www.stiftstams.at\/wp-content\/uploads\/2015\/09\/P8300774sc-150x150.jpg 150w, https:\/\/www.stiftstams.at\/wp-content\/uploads\/2015\/09\/P8300774sc-92x92.jpg 92w\" sizes=\"(max-width: 150px) 100vw, 150px\" \/><\/a>\n\t\t\t<\/dt><\/dl><dl class='gallery-item'>\n\t\t\t<dt class='gallery-icon landscape'>\n\t\t\t\t<a href='https:\/\/www.stiftstams.at\/wp-content\/uploads\/2015\/09\/P8300724sc1.jpg'><img width=\"150\" height=\"150\" src=\"https:\/\/www.stiftstams.at\/wp-content\/uploads\/2015\/09\/P8300724sc1-150x150.jpg\" class=\"attachment-thumbnail size-thumbnail\" alt=\"\" loading=\"lazy\" srcset=\"https:\/\/www.stiftstams.at\/wp-content\/uploads\/2015\/09\/P8300724sc1-150x150.jpg 150w, https:\/\/www.stiftstams.at\/wp-content\/uploads\/2015\/09\/P8300724sc1-92x92.jpg 92w\" sizes=\"(max-width: 150px) 100vw, 150px\" \/><\/a>\n\t\t\t<\/dt><\/dl>\n\t\t\t<br style='clear: both' \/>\n\t\t<\/div>\n\n<p>Am Sonntag den 30.8. fand die Einweihung der neuen Stiftsorgel statt. Nach einer langen Pause erklingt die gro\u00dfe Orgel der Basilika wieder zu Gottesdiensten und Konzerten. Im Einweihungsgottesdienst mit zahlreichen G\u00e4sten zelebrierten neben Abt German auch Abt Raimund vom Stift Wilten und Abt Markus vom Stift Marienberg. Nach dem Einzug in Stille erklang die Orgel mit Frauenchor und Harfe zu Werken von Aiblinger, Whitbourn, Rheinberger und Bach. Das folgende Einweihungskonzert nach einer Agape im Kreuzgang des Stiftes begann mit feierlichen Fanfarenkl\u00e4ngen, in welche die Orgel eindrucksvoll einstimmte. Anschlie\u00dfend sprach Landtagspr\u00e4sident DDr. Herwig van Staa das Gru\u00dfwort als Vertreter des Landes Tirol. Im anschlie\u00dfenden Konzert mit Werken von Bach bis Messiaen \u00fcberzeugte die neue Orgel mit einem \u00fcberw\u00e4ltigenden Klangbild. Der abschlie\u00dfende lang anhaltende Applaus mit Zugabe zeugte vom eindrucksvollen K\u00f6nnen des Organisten fr. Martin Anderl. <\/span><\/p>\n<p>&nbsp;<\/p>\n<p><span style=\"font-family: Calibri;\">Die Orgel mit 43 Registern auf 3 Manualen und Pedal sowie \u00fcber 3000 Pfeifen wurde von der Firma Rieger aus Schwarzach (AT) in das bestehende barocke Geh\u00e4use eingebaut. \u00a0<\/span><\/p>\n<p>&nbsp;<\/p>","protected":false},"excerpt":{"rendered":"<p>Am Sonntag den 30.8. fand die Einweihung der neuen Stiftsorgel statt. Nach einer langen Pause erklingt die gro\u00dfe Orgel der Basilika wieder zu Gottesdiensten und Konzerten. Im Einweihungsgottesdienst mit zahlreichen G\u00e4sten zelebrierten neben Abt German auch Abt Raimund vom Stift [&#8230;]<\/p>\n","protected":false},"author":2,"featured_media":0,"comment_status":"closed","ping_status":"closed","sticky":false,"template":"","format":"standard","meta":[],"categories":[10],"tags":[],"_links":{"self":[{"href":"https:\/\/www.stiftstams.at\/index.php?rest_route=\/wp\/v2\/posts\/1258"}],"collection":[{"href":"https:\/\/www.stiftstams.at\/index.php?rest_route=\/wp\/v2\/posts"}],"about":[{"href":"https:\/\/www.stiftstams.at\/index.php?rest_route=\/wp\/v2\/types\/post"}],"author":[{"embeddable":true,"href":"https:\/\/www.stiftstams.at\/index.php?rest_route=\/wp\/v2\/users\/2"}],"replies":[{"embeddable":true,"href":"https:\/\/www.stiftstams.at\/index.php?rest_route=%2Fwp%2Fv2%2Fcomments&post=1258"}],"version-history":[{"count":8,"href":"https:\/\/www.stiftstams.at\/index.php?rest_route=\/wp\/v2\/posts\/1258\/revisions"}],"predecessor-version":[{"id":1260,"href":"https:\/\/www.stiftstams.at\/index.php?rest_route=\/wp\/v2\/posts\/1258\/revisions\/1260"}],"wp:attachment":[{"href":"https:\/\/www.stiftstams.at\/index.php?rest_route=%2Fwp%2Fv2%2Fmedia&parent=1258"}],"wp:term":[{"taxonomy":"category","embeddable":true,"href":"https:\/\/www.stiftstams.at\/index.php?rest_route=%2Fwp%2Fv2%2Fcategories&post=1258"},{"taxonomy":"post_tag","embeddable":true,"href":"https:\/\/www.stiftstams.at\/index.php?rest_route=%2Fwp%2Fv2%2Ftags&post=1258"}],"curies":[{"name":"wp","href":"https:\/\/api.w.org\/{rel}","templated":true}]}}