{"id":1332,"date":"2016-02-22T08:05:05","date_gmt":"2016-02-22T08:05:05","guid":{"rendered":"http:\/\/www.stiftstams.at\/?p=1332"},"modified":"2016-02-22T08:05:05","modified_gmt":"2016-02-22T08:05:05","slug":"ausstellung-von-fastenkrippen-und-heiligen-grabern","status":"publish","type":"post","link":"https:\/\/www.stiftstams.at\/?p=1332","title":{"rendered":"Ausstellung von Fastenkrippen und Heiligen Gr\u00e4bern"},"content":{"rendered":"<p>11. Februar bis 20. M\u00e4rz 2016<\/p>\n<p><strong>Ausstellung von Fastenkrippen und Heiligen Gr\u00e4bern<\/strong><\/p>\n<p><a href=\"http:\/\/www.krippe-tirol.at\/\" target=\"_blank\">Tiroler Landeskrippenverband<\/a><\/p>\n<p>\u00d6ffnungszeiten: Di -So 13.00 &#8211; 17.00 Uhr<br \/>\nEintritt frei!<\/p>\n<p>&nbsp;<\/p>","protected":false},"excerpt":{"rendered":"<p>11. Februar bis 20. M\u00e4rz 2016 Ausstellung von Fastenkrippen und Heiligen Gr\u00e4bern Tiroler Landeskrippenverband \u00d6ffnungszeiten: Di -So 13.00 &#8211; 17.00 Uhr Eintritt frei! &nbsp;<\/p>\n","protected":false},"author":2,"featured_media":0,"comment_status":"closed","ping_status":"closed","sticky":false,"template":"","format":"standard","meta":[],"categories":[10],"tags":[],"_links":{"self":[{"href":"https:\/\/www.stiftstams.at\/index.php?rest_route=\/wp\/v2\/posts\/1332"}],"collection":[{"href":"https:\/\/www.stiftstams.at\/index.php?rest_route=\/wp\/v2\/posts"}],"about":[{"href":"https:\/\/www.stiftstams.at\/index.php?rest_route=\/wp\/v2\/types\/post"}],"author":[{"embeddable":true,"href":"https:\/\/www.stiftstams.at\/index.php?rest_route=\/wp\/v2\/users\/2"}],"replies":[{"embeddable":true,"href":"https:\/\/www.stiftstams.at\/index.php?rest_route=%2Fwp%2Fv2%2Fcomments&post=1332"}],"version-history":[{"count":1,"href":"https:\/\/www.stiftstams.at\/index.php?rest_route=\/wp\/v2\/posts\/1332\/revisions"}],"predecessor-version":[{"id":1333,"href":"https:\/\/www.stiftstams.at\/index.php?rest_route=\/wp\/v2\/posts\/1332\/revisions\/1333"}],"wp:attachment":[{"href":"https:\/\/www.stiftstams.at\/index.php?rest_route=%2Fwp%2Fv2%2Fmedia&parent=1332"}],"wp:term":[{"taxonomy":"category","embeddable":true,"href":"https:\/\/www.stiftstams.at\/index.php?rest_route=%2Fwp%2Fv2%2Fcategories&post=1332"},{"taxonomy":"post_tag","embeddable":true,"href":"https:\/\/www.stiftstams.at\/index.php?rest_route=%2Fwp%2Fv2%2Ftags&post=1332"}],"curies":[{"name":"wp","href":"https:\/\/api.w.org\/{rel}","templated":true}]}}