{"id":1467,"date":"2016-09-28T08:11:58","date_gmt":"2016-09-28T08:11:58","guid":{"rendered":"http:\/\/www.stiftstams.at\/?p=1467"},"modified":"2016-09-29T08:55:40","modified_gmt":"2016-09-29T08:55:40","slug":"jubilaumsfeierlichkeiten-23-25-september-2016","status":"publish","type":"post","link":"https:\/\/www.stiftstams.at\/?p=1467","title":{"rendered":"Jubil\u00e4umsfeierlichkeiten 23.-25. September 2016"},"content":{"rendered":"<p><div id='gallery-1' class='gallery galleryid-1467 gallery-columns-1 gallery-size-thumbnail'><dl class='gallery-item'>\n\t\t\t<dt class='gallery-icon portrait'>\n\t\t\t\t<a href='https:\/\/www.stiftstams.at\/wp-content\/uploads\/2016\/09\/IMG_74181.jpg'><img width=\"150\" height=\"150\" src=\"https:\/\/www.stiftstams.at\/wp-content\/uploads\/2016\/09\/IMG_74181-150x150.jpg\" class=\"attachment-thumbnail size-thumbnail\" alt=\"\" loading=\"lazy\" srcset=\"https:\/\/www.stiftstams.at\/wp-content\/uploads\/2016\/09\/IMG_74181-150x150.jpg 150w, https:\/\/www.stiftstams.at\/wp-content\/uploads\/2016\/09\/IMG_74181-92x92.jpg 92w\" sizes=\"(max-width: 150px) 100vw, 150px\" \/><\/a>\n\t\t\t<\/dt><\/dl><br style=\"clear: both\" \/><dl class='gallery-item'>\n\t\t\t<dt class='gallery-icon landscape'>\n\t\t\t\t<a href='https:\/\/www.stiftstams.at\/wp-content\/uploads\/2016\/09\/IMG_7442.jpg'><img width=\"150\" height=\"150\" src=\"https:\/\/www.stiftstams.at\/wp-content\/uploads\/2016\/09\/IMG_7442-150x150.jpg\" class=\"attachment-thumbnail size-thumbnail\" alt=\"\" loading=\"lazy\" srcset=\"https:\/\/www.stiftstams.at\/wp-content\/uploads\/2016\/09\/IMG_7442-150x150.jpg 150w, https:\/\/www.stiftstams.at\/wp-content\/uploads\/2016\/09\/IMG_7442-92x92.jpg 92w\" sizes=\"(max-width: 150px) 100vw, 150px\" \/><\/a>\n\t\t\t<\/dt><\/dl><br style=\"clear: both\" \/><dl class='gallery-item'>\n\t\t\t<dt class='gallery-icon landscape'>\n\t\t\t\t<a href='https:\/\/www.stiftstams.at\/wp-content\/uploads\/2016\/09\/IMG_7476.jpg'><img width=\"150\" height=\"150\" src=\"https:\/\/www.stiftstams.at\/wp-content\/uploads\/2016\/09\/IMG_7476-150x150.jpg\" class=\"attachment-thumbnail size-thumbnail\" alt=\"\" loading=\"lazy\" srcset=\"https:\/\/www.stiftstams.at\/wp-content\/uploads\/2016\/09\/IMG_7476-150x150.jpg 150w, https:\/\/www.stiftstams.at\/wp-content\/uploads\/2016\/09\/IMG_7476-92x92.jpg 92w\" sizes=\"(max-width: 150px) 100vw, 150px\" \/><\/a>\n\t\t\t<\/dt><\/dl><br style=\"clear: both\" \/><dl class='gallery-item'>\n\t\t\t<dt class='gallery-icon landscape'>\n\t\t\t\t<a href='https:\/\/www.stiftstams.at\/wp-content\/uploads\/2016\/09\/IMG_7532.jpg'><img width=\"150\" height=\"150\" src=\"https:\/\/www.stiftstams.at\/wp-content\/uploads\/2016\/09\/IMG_7532-150x150.jpg\" class=\"attachment-thumbnail size-thumbnail\" alt=\"\" loading=\"lazy\" srcset=\"https:\/\/www.stiftstams.at\/wp-content\/uploads\/2016\/09\/IMG_7532-150x150.jpg 150w, https:\/\/www.stiftstams.at\/wp-content\/uploads\/2016\/09\/IMG_7532-92x92.jpg 92w\" sizes=\"(max-width: 150px) 100vw, 150px\" \/><\/a>\n\t\t\t<\/dt><\/dl><br style=\"clear: both\" \/><dl class='gallery-item'>\n\t\t\t<dt class='gallery-icon landscape'>\n\t\t\t\t<a href='https:\/\/www.stiftstams.at\/wp-content\/uploads\/2016\/09\/IMG_7562.jpg'><img width=\"150\" height=\"150\" src=\"https:\/\/www.stiftstams.at\/wp-content\/uploads\/2016\/09\/IMG_7562-150x150.jpg\" class=\"attachment-thumbnail size-thumbnail\" alt=\"\" loading=\"lazy\" srcset=\"https:\/\/www.stiftstams.at\/wp-content\/uploads\/2016\/09\/IMG_7562-150x150.jpg 150w, https:\/\/www.stiftstams.at\/wp-content\/uploads\/2016\/09\/IMG_7562-92x92.jpg 92w\" sizes=\"(max-width: 150px) 100vw, 150px\" \/><\/a>\n\t\t\t<\/dt><\/dl><br style=\"clear: both\" \/><dl class='gallery-item'>\n\t\t\t<dt class='gallery-icon landscape'>\n\t\t\t\t<a href='https:\/\/www.stiftstams.at\/wp-content\/uploads\/2016\/09\/IMG_7744.jpg'><img width=\"150\" height=\"150\" src=\"https:\/\/www.stiftstams.at\/wp-content\/uploads\/2016\/09\/IMG_7744-150x150.jpg\" class=\"attachment-thumbnail size-thumbnail\" alt=\"\" loading=\"lazy\" srcset=\"https:\/\/www.stiftstams.at\/wp-content\/uploads\/2016\/09\/IMG_7744-150x150.jpg 150w, https:\/\/www.stiftstams.at\/wp-content\/uploads\/2016\/09\/IMG_7744-92x92.jpg 92w\" sizes=\"(max-width: 150px) 100vw, 150px\" \/><\/a>\n\t\t\t<\/dt><\/dl><br style=\"clear: both\" \/><dl class='gallery-item'>\n\t\t\t<dt class='gallery-icon portrait'>\n\t\t\t\t<a href='https:\/\/www.stiftstams.at\/wp-content\/uploads\/2016\/09\/IMG_7797.jpg'><img width=\"150\" height=\"150\" src=\"https:\/\/www.stiftstams.at\/wp-content\/uploads\/2016\/09\/IMG_7797-150x150.jpg\" class=\"attachment-thumbnail size-thumbnail\" alt=\"\" loading=\"lazy\" srcset=\"https:\/\/www.stiftstams.at\/wp-content\/uploads\/2016\/09\/IMG_7797-150x150.jpg 150w, https:\/\/www.stiftstams.at\/wp-content\/uploads\/2016\/09\/IMG_7797-92x92.jpg 92w\" sizes=\"(max-width: 150px) 100vw, 150px\" \/><\/a>\n\t\t\t<\/dt><\/dl><br style=\"clear: both\" \/><dl class='gallery-item'>\n\t\t\t<dt class='gallery-icon landscape'>\n\t\t\t\t<a href='https:\/\/www.stiftstams.at\/wp-content\/uploads\/2016\/09\/IMG_7821.jpg'><img width=\"150\" height=\"150\" src=\"https:\/\/www.stiftstams.at\/wp-content\/uploads\/2016\/09\/IMG_7821-150x150.jpg\" class=\"attachment-thumbnail size-thumbnail\" alt=\"\" loading=\"lazy\" srcset=\"https:\/\/www.stiftstams.at\/wp-content\/uploads\/2016\/09\/IMG_7821-150x150.jpg 150w, https:\/\/www.stiftstams.at\/wp-content\/uploads\/2016\/09\/IMG_7821-92x92.jpg 92w\" sizes=\"(max-width: 150px) 100vw, 150px\" \/><\/a>\n\t\t\t<\/dt><\/dl><br style=\"clear: both\" \/><dl class='gallery-item'>\n\t\t\t<dt class='gallery-icon portrait'>\n\t\t\t\t<a href='https:\/\/www.stiftstams.at\/wp-content\/uploads\/2016\/09\/IMG_7823.jpg'><img width=\"150\" height=\"150\" src=\"https:\/\/www.stiftstams.at\/wp-content\/uploads\/2016\/09\/IMG_7823-150x150.jpg\" class=\"attachment-thumbnail size-thumbnail\" alt=\"\" loading=\"lazy\" srcset=\"https:\/\/www.stiftstams.at\/wp-content\/uploads\/2016\/09\/IMG_7823-150x150.jpg 150w, https:\/\/www.stiftstams.at\/wp-content\/uploads\/2016\/09\/IMG_7823-92x92.jpg 92w\" sizes=\"(max-width: 150px) 100vw, 150px\" \/><\/a>\n\t\t\t<\/dt><\/dl><br style=\"clear: both\" \/><dl class='gallery-item'>\n\t\t\t<dt class='gallery-icon landscape'>\n\t\t\t\t<a href='https:\/\/www.stiftstams.at\/wp-content\/uploads\/2016\/09\/IMG_7833.jpg'><img width=\"150\" height=\"150\" src=\"https:\/\/www.stiftstams.at\/wp-content\/uploads\/2016\/09\/IMG_7833-150x150.jpg\" class=\"attachment-thumbnail size-thumbnail\" alt=\"\" loading=\"lazy\" srcset=\"https:\/\/www.stiftstams.at\/wp-content\/uploads\/2016\/09\/IMG_7833-150x150.jpg 150w, https:\/\/www.stiftstams.at\/wp-content\/uploads\/2016\/09\/IMG_7833-92x92.jpg 92w\" sizes=\"(max-width: 150px) 100vw, 150px\" \/><\/a>\n\t\t\t<\/dt><\/dl><br style=\"clear: both\" \/><dl class='gallery-item'>\n\t\t\t<dt class='gallery-icon landscape'>\n\t\t\t\t<a href='https:\/\/www.stiftstams.at\/wp-content\/uploads\/2016\/09\/IMG_7856.jpg'><img width=\"150\" height=\"150\" src=\"https:\/\/www.stiftstams.at\/wp-content\/uploads\/2016\/09\/IMG_7856-150x150.jpg\" class=\"attachment-thumbnail size-thumbnail\" alt=\"\" loading=\"lazy\" srcset=\"https:\/\/www.stiftstams.at\/wp-content\/uploads\/2016\/09\/IMG_7856-150x150.jpg 150w, https:\/\/www.stiftstams.at\/wp-content\/uploads\/2016\/09\/IMG_7856-92x92.jpg 92w\" sizes=\"(max-width: 150px) 100vw, 150px\" \/><\/a>\n\t\t\t<\/dt><\/dl><br style=\"clear: both\" \/><dl class='gallery-item'>\n\t\t\t<dt class='gallery-icon landscape'>\n\t\t\t\t<a href='https:\/\/www.stiftstams.at\/wp-content\/uploads\/2016\/09\/IMG_7898.jpg'><img width=\"150\" height=\"150\" src=\"https:\/\/www.stiftstams.at\/wp-content\/uploads\/2016\/09\/IMG_7898-150x150.jpg\" class=\"attachment-thumbnail size-thumbnail\" alt=\"\" loading=\"lazy\" srcset=\"https:\/\/www.stiftstams.at\/wp-content\/uploads\/2016\/09\/IMG_7898-150x150.jpg 150w, https:\/\/www.stiftstams.at\/wp-content\/uploads\/2016\/09\/IMG_7898-92x92.jpg 92w\" sizes=\"(max-width: 150px) 100vw, 150px\" \/><\/a>\n\t\t\t<\/dt><\/dl><br style=\"clear: both\" \/><dl class='gallery-item'>\n\t\t\t<dt class='gallery-icon landscape'>\n\t\t\t\t<a href='https:\/\/www.stiftstams.at\/wp-content\/uploads\/2016\/09\/IMG_7911.jpg'><img width=\"150\" height=\"150\" src=\"https:\/\/www.stiftstams.at\/wp-content\/uploads\/2016\/09\/IMG_7911-150x150.jpg\" class=\"attachment-thumbnail size-thumbnail\" alt=\"\" loading=\"lazy\" srcset=\"https:\/\/www.stiftstams.at\/wp-content\/uploads\/2016\/09\/IMG_7911-150x150.jpg 150w, https:\/\/www.stiftstams.at\/wp-content\/uploads\/2016\/09\/IMG_7911-92x92.jpg 92w\" sizes=\"(max-width: 150px) 100vw, 150px\" \/><\/a>\n\t\t\t<\/dt><\/dl><br style=\"clear: both\" \/><dl class='gallery-item'>\n\t\t\t<dt class='gallery-icon landscape'>\n\t\t\t\t<a href='https:\/\/www.stiftstams.at\/wp-content\/uploads\/2016\/09\/IMG_7934.jpg'><img width=\"150\" height=\"150\" src=\"https:\/\/www.stiftstams.at\/wp-content\/uploads\/2016\/09\/IMG_7934-150x150.jpg\" class=\"attachment-thumbnail size-thumbnail\" alt=\"\" loading=\"lazy\" srcset=\"https:\/\/www.stiftstams.at\/wp-content\/uploads\/2016\/09\/IMG_7934-150x150.jpg 150w, https:\/\/www.stiftstams.at\/wp-content\/uploads\/2016\/09\/IMG_7934-92x92.jpg 92w\" sizes=\"(max-width: 150px) 100vw, 150px\" \/><\/a>\n\t\t\t<\/dt><\/dl><br style=\"clear: both\" \/><dl class='gallery-item'>\n\t\t\t<dt class='gallery-icon landscape'>\n\t\t\t\t<a href='https:\/\/www.stiftstams.at\/wp-content\/uploads\/2016\/09\/IMG_7943.jpg'><img width=\"150\" height=\"150\" src=\"https:\/\/www.stiftstams.at\/wp-content\/uploads\/2016\/09\/IMG_7943-150x150.jpg\" class=\"attachment-thumbnail size-thumbnail\" alt=\"\" loading=\"lazy\" srcset=\"https:\/\/www.stiftstams.at\/wp-content\/uploads\/2016\/09\/IMG_7943-150x150.jpg 150w, https:\/\/www.stiftstams.at\/wp-content\/uploads\/2016\/09\/IMG_7943-92x92.jpg 92w\" sizes=\"(max-width: 150px) 100vw, 150px\" \/><\/a>\n\t\t\t<\/dt><\/dl><br style=\"clear: both\" \/><dl class='gallery-item'>\n\t\t\t<dt class='gallery-icon landscape'>\n\t\t\t\t<a href='https:\/\/www.stiftstams.at\/wp-content\/uploads\/2016\/09\/IMG_7949.jpg'><img width=\"150\" height=\"150\" src=\"https:\/\/www.stiftstams.at\/wp-content\/uploads\/2016\/09\/IMG_7949-150x150.jpg\" class=\"attachment-thumbnail size-thumbnail\" alt=\"\" loading=\"lazy\" srcset=\"https:\/\/www.stiftstams.at\/wp-content\/uploads\/2016\/09\/IMG_7949-150x150.jpg 150w, https:\/\/www.stiftstams.at\/wp-content\/uploads\/2016\/09\/IMG_7949-92x92.jpg 92w\" sizes=\"(max-width: 150px) 100vw, 150px\" \/><\/a>\n\t\t\t<\/dt><\/dl><br style=\"clear: both\" \/><dl class='gallery-item'>\n\t\t\t<dt class='gallery-icon landscape'>\n\t\t\t\t<a href='https:\/\/www.stiftstams.at\/wp-content\/uploads\/2016\/09\/IMG_7959.jpg'><img width=\"150\" height=\"150\" src=\"https:\/\/www.stiftstams.at\/wp-content\/uploads\/2016\/09\/IMG_7959-150x150.jpg\" class=\"attachment-thumbnail size-thumbnail\" alt=\"\" loading=\"lazy\" srcset=\"https:\/\/www.stiftstams.at\/wp-content\/uploads\/2016\/09\/IMG_7959-150x150.jpg 150w, https:\/\/www.stiftstams.at\/wp-content\/uploads\/2016\/09\/IMG_7959-92x92.jpg 92w\" sizes=\"(max-width: 150px) 100vw, 150px\" \/><\/a>\n\t\t\t<\/dt><\/dl><br style=\"clear: both\" \/><dl class='gallery-item'>\n\t\t\t<dt class='gallery-icon landscape'>\n\t\t\t\t<a href='https:\/\/www.stiftstams.at\/wp-content\/uploads\/2016\/09\/IMG_8003.jpg'><img width=\"150\" height=\"150\" src=\"https:\/\/www.stiftstams.at\/wp-content\/uploads\/2016\/09\/IMG_8003-150x150.jpg\" class=\"attachment-thumbnail size-thumbnail\" alt=\"\" loading=\"lazy\" srcset=\"https:\/\/www.stiftstams.at\/wp-content\/uploads\/2016\/09\/IMG_8003-150x150.jpg 150w, https:\/\/www.stiftstams.at\/wp-content\/uploads\/2016\/09\/IMG_8003-92x92.jpg 92w\" sizes=\"(max-width: 150px) 100vw, 150px\" \/><\/a>\n\t\t\t<\/dt><\/dl><br style=\"clear: both\" \/><dl class='gallery-item'>\n\t\t\t<dt class='gallery-icon landscape'>\n\t\t\t\t<a href='https:\/\/www.stiftstams.at\/wp-content\/uploads\/2016\/09\/IMG_80671.jpg'><img width=\"150\" height=\"150\" src=\"https:\/\/www.stiftstams.at\/wp-content\/uploads\/2016\/09\/IMG_80671-150x150.jpg\" class=\"attachment-thumbnail size-thumbnail\" alt=\"\" loading=\"lazy\" srcset=\"https:\/\/www.stiftstams.at\/wp-content\/uploads\/2016\/09\/IMG_80671-150x150.jpg 150w, https:\/\/www.stiftstams.at\/wp-content\/uploads\/2016\/09\/IMG_80671-92x92.jpg 92w\" sizes=\"(max-width: 150px) 100vw, 150px\" \/><\/a>\n\t\t\t<\/dt><\/dl><br style=\"clear: both\" \/><dl class='gallery-item'>\n\t\t\t<dt class='gallery-icon landscape'>\n\t\t\t\t<a href='https:\/\/www.stiftstams.at\/wp-content\/uploads\/2016\/09\/IMG_85702.jpg'><img width=\"150\" height=\"150\" src=\"https:\/\/www.stiftstams.at\/wp-content\/uploads\/2016\/09\/IMG_85702-150x150.jpg\" class=\"attachment-thumbnail size-thumbnail\" alt=\"\" loading=\"lazy\" srcset=\"https:\/\/www.stiftstams.at\/wp-content\/uploads\/2016\/09\/IMG_85702-150x150.jpg 150w, https:\/\/www.stiftstams.at\/wp-content\/uploads\/2016\/09\/IMG_85702-92x92.jpg 92w\" sizes=\"(max-width: 150px) 100vw, 150px\" \/><\/a>\n\t\t\t<\/dt><\/dl><br style=\"clear: both\" \/>\n\t\t<\/div>\n\n<p>Das Zisterzienserstift Stams feierte in gro\u00dfer Dankbarkeit vom 23.-25. September 2016 ein dreifaches Jubil\u00e4um: Die Barockisierung des Stiftes vor 300 Jahren, die Wiedererrichtung der Klostergemeinschaft nach Ende der der bayerischen Besatzung Tirols vor 200 Jahren und schlie\u00dflich der Abschluss der umfassendsten Sanierungsarbeiten in der mehr als 740 j\u00e4hrigen Geschichte.<\/p>\n<p>Die Feierlichkeiten begannen am 23. September mit der Briefmarkenschau \u201cDer Orden der Zisterzienser in der Philatelie\u201c (Philatelistenverein St. Gabriel) und dem Sonderpostamt (\u00d6sterreichische Post AG). Um 16.00 Uhr fand im Bernardisaal die Pr\u00e4sentation der Sonderbriefmarke \u201cMaria Locherboden\u201c und des Buches \u201cStift Stams: Ein Tiroler Juwel mit wechselvoller Geschichte\u201c von Dr. Michael Forcher in Anwesenheit des LTP DDr. Herwig van Staa statt. Abends leuchte ein Bergfeuer mit den Motiven der beiden Zwiebelt\u00fcrme vom B\u00e4rlehn in das Inntal. Am 24. September erreichten die Feierlichkeiten ihren ersten H\u00f6hepunkt. Zum Landes\u00fcblichen Empfang mit anschlie\u00dfendem Pontifikalgottesdienst in der Basilika, Festakt, Festtagssalve, Mittagessen und Sonderf\u00fchrung waren zahlreiche G\u00e4ste der Einladung von Abt und Konvent gefolgt. Dem Gottesdienst, feierlich vom Stiftskapellmeister Frater Martin Anderl gestaltet, stand der Bischof der Di\u00f6zese Bozen-Brixen, Dr. Ivo Muser, vor. Der Apostolische Nuntius in \u00d6sterreich, Dr. Peter Stephan Zurbriggen, \u00fcbermittelte die herzlichen Gr\u00fc\u00dfe von Papst Franziskus. Als Konzelebranten nahmen u.a. Bischof Dr. Benno Elbs (Di\u00f6zese Feldkirch), Abt Dr. Benno Malf\u00e9r (Benediktinerabtei Muri-Gries). Abt em. Ephraim Trin Van Duc (Zisterzienserpriorat Nothgottes), Propst em. Dr. Georg Unterga\u00dfmair (Augustiner Chorherrenstift Neustift), Prior-Administrator Raphael Klaus Gebauer (Benediktinerabtei St. Georgenberg-Fiecht) und Regens Roland Buemberger (Di\u00f6zese Innsbruck). Aus dem Zisterzienserorden begr\u00fc\u00dfte man \u00c4btissin Dr. Hildegard Brem (Zisterzienserinnenabtei Mariastern-Gwiggen), sowie \u00c4btissin Maria Petra Articus und Priorin Maria Beatrix Schlappner (Zisterzienserinnenabtei Seligenthal). Zu den zahlreichen Ehreng\u00e4ste geh\u00f6rten LH G\u00fcnther Platter, LTP DDr. Herwig van Staa, Alt-LH Dr. Wendelin Weingartner und Alt-LH Dr. Alois Partl, des weiteren Bundesr\u00e4tin Sonja Ledl-Rossmann, Bundesminister Andr\u00e4 Rupprechter, der S\u00fcdtiroler Landesrat Dr. Florian Mussner und der Stamser B\u00fcrgermeister Franz Gallop. Am Sonntag, den 25. September, war das Stift ein Ort des europaweiten \u201cTag des Denkmals\u201c. Dieser dritte Festtag begann mit der \u00f6ffentlichen Laudes in der Basilika und einem anschlie\u00dfenden Fr\u00fchst\u00fcck im Refektorium. Dem feierlichen Gottesdienst, wiederum von Frater Martin gestaltet, stand Abt German Erd in Anwesenheit des Apostolischen Nuntius in \u00d6sterreich vor. Der Nachmittag stand ganz im Zeichen von Sonderf\u00fchrungen, an denen etwa 1100 G\u00e4ste teilnahmen. Die Malteser boten eine Leistungspr\u00e4sentation im Hof des Meinhardinums dar. F\u00fcr die musikalische Gestaltung im Stiftshof und das leibliche Wohl der zahlreichen G\u00e4ste sorgten Stamser Vereine. Der Festtag fand mit einem Theater unter der Leitung von Peter Schaber und einem Konzert unter der Leitung von Frater Martin im seinen Bernardisaal seinen Abschluss. Eine anschlie\u00dfende Agape lie\u00df die Jubil\u00e4umsfeierlichkeiten beim geselligen Beisammensein ausklingen.<\/p>\n<p>(Fotos Hubert Staudacher)<\/p>\n<p>&nbsp;<\/p>\n<p>&nbsp;<\/p>\n<p>&nbsp;<\/p>\n<p>&nbsp;<\/p>","protected":false},"excerpt":{"rendered":"<p>Das Zisterzienserstift Stams feierte in gro\u00dfer Dankbarkeit vom 23.-25. September 2016 ein dreifaches Jubil\u00e4um: Die Barockisierung des Stiftes vor 300 Jahren, die Wiedererrichtung der Klostergemeinschaft nach Ende der der bayerischen Besatzung Tirols vor 200 Jahren und schlie\u00dflich der Abschluss der [&#8230;]<\/p>\n","protected":false},"author":2,"featured_media":0,"comment_status":"closed","ping_status":"closed","sticky":false,"template":"","format":"standard","meta":[],"categories":[10],"tags":[],"_links":{"self":[{"href":"https:\/\/www.stiftstams.at\/index.php?rest_route=\/wp\/v2\/posts\/1467"}],"collection":[{"href":"https:\/\/www.stiftstams.at\/index.php?rest_route=\/wp\/v2\/posts"}],"about":[{"href":"https:\/\/www.stiftstams.at\/index.php?rest_route=\/wp\/v2\/types\/post"}],"author":[{"embeddable":true,"href":"https:\/\/www.stiftstams.at\/index.php?rest_route=\/wp\/v2\/users\/2"}],"replies":[{"embeddable":true,"href":"https:\/\/www.stiftstams.at\/index.php?rest_route=%2Fwp%2Fv2%2Fcomments&post=1467"}],"version-history":[{"count":21,"href":"https:\/\/www.stiftstams.at\/index.php?rest_route=\/wp\/v2\/posts\/1467\/revisions"}],"predecessor-version":[{"id":1551,"href":"https:\/\/www.stiftstams.at\/index.php?rest_route=\/wp\/v2\/posts\/1467\/revisions\/1551"}],"wp:attachment":[{"href":"https:\/\/www.stiftstams.at\/index.php?rest_route=%2Fwp%2Fv2%2Fmedia&parent=1467"}],"wp:term":[{"taxonomy":"category","embeddable":true,"href":"https:\/\/www.stiftstams.at\/index.php?rest_route=%2Fwp%2Fv2%2Fcategories&post=1467"},{"taxonomy":"post_tag","embeddable":true,"href":"https:\/\/www.stiftstams.at\/index.php?rest_route=%2Fwp%2Fv2%2Ftags&post=1467"}],"curies":[{"name":"wp","href":"https:\/\/api.w.org\/{rel}","templated":true}]}}