{"id":3744,"date":"2021-09-24T07:06:40","date_gmt":"2021-09-24T07:06:40","guid":{"rendered":"http:\/\/www.stiftstams.at\/?p=3744"},"modified":"2021-09-24T07:07:30","modified_gmt":"2021-09-24T07:07:30","slug":"3744","status":"publish","type":"post","link":"https:\/\/www.stiftstams.at\/?p=3744","title":{"rendered":"KUNSTAUSSTELLUNG  &#8220; OPINION LEADER &#8220;  IM STIFT STAMS"},"content":{"rendered":"Im Museum Stift Stams pr\u00e4sentieren die namhaften Tiroler K\u00fcnstler Stefan Rosentreter und Bernhard Witsch vom 24. September bis 10. Oktober 2021 ihre Ausstellung \u201eOpinion Leader\u201c.<\/p>\n<p>Die beiden in Telfs lebenden und arbeitenden K\u00fcnstler sind Vertreter verschiedener Ausdrucksformen und Positionen. Stefan Rosentreter arbeitet an dem Experiment der Transformation des klassischen Reliefs zur zeitgen\u00f6ssischen Kunstform mit dem Material Quarzsand.<\/p>\n<p>&#8222;Rostbaron&#8220; Bernhard Witsch befasst sich mit den hellen und dunklen Seiten des Seins, dem Rauen und Glatten, dem Dreckigen und Polierten, und als metallgestaltender K\u00fcnstler scheint ihm daf\u00fcr nichts geeigneter als die Symbiose und das Spiel mit rostigem Stahl und Edelstahl.<\/p>\n<p>Abgesehen ihrer unterschiedlichen Positionen haben die K\u00fcnstler eine Gemeinsamkeit, sie wollen mit ihrem Werk ein relevantes Statement abgeben und verfolgen eine inhaltliche Mission.<\/p>\n<p>Diese Beweggr\u00fcnde sind oft markant und klar ersichtlich, in anderen F\u00e4llen wiederum sind sie verborgen und erschlie\u00dfen sich erst nach der Deutung der symbolischen Ebene.<\/p>\n<p>Mit diesen Symbolen wollen die Kunstschaffenden ein tief in ihnen verwurzeltes Anliegen mitteilen. Sie suchen die seelische und gesellschaftliche Tiefe eines Objekts. Mit einer symbolischen Form werden ideelle Ans\u00e4tze auf einer \u00e4sthetisch &#8211; k\u00fcnstlerischen Ebene materialisiert.<\/p>\n<p>Die gehaltvollen Kernaussagen der Kunstwerke werden so einer breiten \u00d6ffentlichkeit zug\u00e4nglich gemacht und fordert den Betrachter zugleich dazu heraus, seine Wahrnehmung von Welt und Gesellschaft zu \u00fcberdenken.<\/p>\n<p>Die K\u00fcnstler Stefan Rosentreter und Bernhard Witsch suchen den Betrachter, an dem sich ihre Ideen und Werke reiben und der Betrachter geht reicher und erfahrener von dannen mit der Gewissheit, dass es noch Orte gibt wie die Galerie im Museum Stift Stams, Orte wie ein Juwel in einer von Krieg und Zerst\u00f6rung, von Katastrophen und Elend ersch\u00fctterten Welt.<\/p>\n<p>&nbsp;<\/p>\n<p><a href=\"http:\/\/www.stiftstams.at\/wp-content\/uploads\/2021\/09\/Stefan-Rosentreter-Bild-Nr.-2-scaled.jpg\"><img loading=\"lazy\" class=\"aligncenter size-large wp-image-3740\" src=\"http:\/\/www.stiftstams.at\/wp-content\/uploads\/2021\/09\/Stefan-Rosentreter-Bild-Nr.-2-441x1024.jpg\" alt=\"\" width=\"441\" height=\"1024\" srcset=\"https:\/\/www.stiftstams.at\/wp-content\/uploads\/2021\/09\/Stefan-Rosentreter-Bild-Nr.-2-441x1024.jpg 441w, https:\/\/www.stiftstams.at\/wp-content\/uploads\/2021\/09\/Stefan-Rosentreter-Bild-Nr.-2-129x300.jpg 129w, https:\/\/www.stiftstams.at\/wp-content\/uploads\/2021\/09\/Stefan-Rosentreter-Bild-Nr.-2-768x1784.jpg 768w, https:\/\/www.stiftstams.at\/wp-content\/uploads\/2021\/09\/Stefan-Rosentreter-Bild-Nr.-2-661x1536.jpg 661w, https:\/\/www.stiftstams.at\/wp-content\/uploads\/2021\/09\/Stefan-Rosentreter-Bild-Nr.-2-882x2048.jpg 882w, https:\/\/www.stiftstams.at\/wp-content\/uploads\/2021\/09\/Stefan-Rosentreter-Bild-Nr.-2-scaled.jpg 1102w\" sizes=\"(max-width: 441px) 100vw, 441px\" \/><\/a> <a href=\"http:\/\/www.stiftstams.at\/wp-content\/uploads\/2021\/09\/Dante-kl.top_-scaled.jpg\"><img loading=\"lazy\" class=\"aligncenter size-large wp-image-3741\" src=\"http:\/\/www.stiftstams.at\/wp-content\/uploads\/2021\/09\/Dante-kl.top_-683x1024.jpg\" alt=\"\" width=\"683\" height=\"1024\" srcset=\"https:\/\/www.stiftstams.at\/wp-content\/uploads\/2021\/09\/Dante-kl.top_-683x1024.jpg 683w, https:\/\/www.stiftstams.at\/wp-content\/uploads\/2021\/09\/Dante-kl.top_-200x300.jpg 200w, https:\/\/www.stiftstams.at\/wp-content\/uploads\/2021\/09\/Dante-kl.top_-768x1152.jpg 768w, https:\/\/www.stiftstams.at\/wp-content\/uploads\/2021\/09\/Dante-kl.top_-1024x1536.jpg 1024w, https:\/\/www.stiftstams.at\/wp-content\/uploads\/2021\/09\/Dante-kl.top_-1365x2048.jpg 1365w, https:\/\/www.stiftstams.at\/wp-content\/uploads\/2021\/09\/Dante-kl.top_-scaled.jpg 1707w\" sizes=\"(max-width: 683px) 100vw, 683px\" \/><\/a><\/p>\n<p>Er\u00f6ffnungsabend der Ausstellung:<\/p>\n<ol start=\"24\">\n<li>September 2021, um 19.00 Uhr<\/li>\n<\/ol>\n<p>Dauer der Ausstellung:<\/p>\n<ol start=\"25\">\n<li>September 2021 bis<\/li>\n<li>Oktober 2021,<\/li>\n<\/ol>\n<p>t\u00e4glich von 15.00 bis 19.00 Uhr<\/p>\n<p>&nbsp;<\/p>\n<p>Eingang \u00fcber Stiftspforte<\/p>\n<p>&nbsp;<\/p>\n<p>&nbsp;","protected":false},"excerpt":{"rendered":"<p>Im Museum Stift Stams pr\u00e4sentieren die namhaften Tiroler K\u00fcnstler Stefan Rosentreter und Bernhard Witsch vom 24. September bis 10. Oktober 2021 ihre Ausstellung \u201eOpinion Leader\u201c. Die beiden in Telfs lebenden und arbeitenden K\u00fcnstler sind Vertreter verschiedener Ausdrucksformen und Positionen. Stefan [&#8230;]<\/p>\n","protected":false},"author":2,"featured_media":0,"comment_status":"closed","ping_status":"closed","sticky":false,"template":"","format":"standard","meta":[],"categories":[10],"tags":[],"_links":{"self":[{"href":"https:\/\/www.stiftstams.at\/index.php?rest_route=\/wp\/v2\/posts\/3744"}],"collection":[{"href":"https:\/\/www.stiftstams.at\/index.php?rest_route=\/wp\/v2\/posts"}],"about":[{"href":"https:\/\/www.stiftstams.at\/index.php?rest_route=\/wp\/v2\/types\/post"}],"author":[{"embeddable":true,"href":"https:\/\/www.stiftstams.at\/index.php?rest_route=\/wp\/v2\/users\/2"}],"replies":[{"embeddable":true,"href":"https:\/\/www.stiftstams.at\/index.php?rest_route=%2Fwp%2Fv2%2Fcomments&post=3744"}],"version-history":[{"count":2,"href":"https:\/\/www.stiftstams.at\/index.php?rest_route=\/wp\/v2\/posts\/3744\/revisions"}],"predecessor-version":[{"id":3746,"href":"https:\/\/www.stiftstams.at\/index.php?rest_route=\/wp\/v2\/posts\/3744\/revisions\/3746"}],"wp:attachment":[{"href":"https:\/\/www.stiftstams.at\/index.php?rest_route=%2Fwp%2Fv2%2Fmedia&parent=3744"}],"wp:term":[{"taxonomy":"category","embeddable":true,"href":"https:\/\/www.stiftstams.at\/index.php?rest_route=%2Fwp%2Fv2%2Fcategories&post=3744"},{"taxonomy":"post_tag","embeddable":true,"href":"https:\/\/www.stiftstams.at\/index.php?rest_route=%2Fwp%2Fv2%2Ftags&post=3744"}],"curies":[{"name":"wp","href":"https:\/\/api.w.org\/{rel}","templated":true}]}}