{"id":3762,"date":"2021-11-02T12:50:15","date_gmt":"2021-11-02T12:50:15","guid":{"rendered":"http:\/\/www.stiftstams.at\/?p=3762"},"modified":"2021-11-02T12:50:15","modified_gmt":"2021-11-02T12:50:15","slug":"der-toten-gedenken","status":"publish","type":"post","link":"https:\/\/www.stiftstams.at\/?p=3762","title":{"rendered":"Der Toten gedenken"},"content":{"rendered":"Der November ist im Kirchenjahr jene Zeit, in welcher wir der Toten gedenken. Wir gedenken derer, die einst zu uns geh\u00f6rten und von uns gegangen sind. Wenn wir es tun, m\u00fcssen wir in der Erinnerung auf den eigenen Lebensweg weit zur\u00fcckgehen. Die einen waren unsere Lieben, die mit uns gegangen sind von Anfang an. Die anderen waren Freunde und Wegbegleiter. Wieder andere gesellten sich nur kurze Zeit hinzu. Und immer wieder kommen die einen und gehen die anderen. Die engere Gef\u00e4hrtenschaft des Lebens aber bildet jener vertraute Kreis, den wir lieben. Dort spricht das Herz zum Herzen. Und dieser Kreis wird mit der Zeit kleiner und kleiner geht langsam ein in den Abschied ohne Wiederkehr. Was bleibt, ist Schweigen. Der Abschied l\u00e4sst einen bestimmten Platz unausgef\u00fcllt zur\u00fcck und durch nichts und niemanden vermag der Platz der Verstorbenen ausgef\u00fcllt zu werden, denn zu einmalig und zu kostbar ist der geliebte Mensch. Wenn er von uns geht, geht ein St\u00fcck unseres Herzens mit ihm. So vergessen wir jene nicht, die wir geliebt haben und die von uns gegangen sind. So leben wir bereits jetzt mit den Verstorbenen.<\/p>\n<p>Und weil sie in Gottes Liebe eingegangen sind, sind sie auch bei uns. Dort wird ihr Leben verwandelt in ewiges Leben. Was hier auf Erden St\u00fcckwerk und zerbrochen war, wird dort vollendet. Wenn wir im Gebet ihrer gedenken, eintreten in den Raum der Stille Gottes, in sein Schweigen, wird und gewahr, dass sie auch uns nahe sind, wie wir ihnen in liebender Erinnerung nahe sind. Weil Gottes Liebe unendlich ist, ruft sie uns aus unserer Endlichkeit heraus, hinein in seine Stille, damit wir H\u00f6rende werden. Sein Schweigen, das wir im Gedenken an die Geliebten vernehmen, ist die Gestalt seines Wortes in unserer Endlichkeit: \u201eIch vergesse dich nicht. Sieh her: Ich habe dich eingezeichnet in meine H\u00e4nde\u201c (Jes 49,16). Es ist ein heiliges Schweigen. Unsere Verstorbenen sind hineingenommen in die unendliche Liebe Gottes. Dort sind sie ewig Lebende. Und weil sie darin nicht mehr zu unserer Endlichkeit geh\u00f6ren, weil sie darin in Gottes grenzenlosem Leben sind, stimmen sie auch ein in sein heiliges Schweigen. Es ist das Schweigen ewigen Lebens, das keinen Tod kennt. So ist ihr Schweigen ihr Wort an uns. Es ist das lautlose Wort ihrer Liebe zu uns, das uns auf unserer Pilgerreise in das Leben und Licht Gottes ruft und geleitet.<\/p>\n<p>P. Gregor Schwabegger OCist","protected":false},"excerpt":{"rendered":"<p>Der November ist im Kirchenjahr jene Zeit, in welcher wir der Toten gedenken. Wir gedenken derer, die einst zu uns geh\u00f6rten und von uns gegangen sind. Wenn wir es tun, m\u00fcssen wir in der Erinnerung auf den eigenen Lebensweg weit [&#8230;]<\/p>\n","protected":false},"author":2,"featured_media":0,"comment_status":"closed","ping_status":"closed","sticky":false,"template":"","format":"standard","meta":[],"categories":[1,27],"tags":[],"_links":{"self":[{"href":"https:\/\/www.stiftstams.at\/index.php?rest_route=\/wp\/v2\/posts\/3762"}],"collection":[{"href":"https:\/\/www.stiftstams.at\/index.php?rest_route=\/wp\/v2\/posts"}],"about":[{"href":"https:\/\/www.stiftstams.at\/index.php?rest_route=\/wp\/v2\/types\/post"}],"author":[{"embeddable":true,"href":"https:\/\/www.stiftstams.at\/index.php?rest_route=\/wp\/v2\/users\/2"}],"replies":[{"embeddable":true,"href":"https:\/\/www.stiftstams.at\/index.php?rest_route=%2Fwp%2Fv2%2Fcomments&post=3762"}],"version-history":[{"count":1,"href":"https:\/\/www.stiftstams.at\/index.php?rest_route=\/wp\/v2\/posts\/3762\/revisions"}],"predecessor-version":[{"id":3763,"href":"https:\/\/www.stiftstams.at\/index.php?rest_route=\/wp\/v2\/posts\/3762\/revisions\/3763"}],"wp:attachment":[{"href":"https:\/\/www.stiftstams.at\/index.php?rest_route=%2Fwp%2Fv2%2Fmedia&parent=3762"}],"wp:term":[{"taxonomy":"category","embeddable":true,"href":"https:\/\/www.stiftstams.at\/index.php?rest_route=%2Fwp%2Fv2%2Fcategories&post=3762"},{"taxonomy":"post_tag","embeddable":true,"href":"https:\/\/www.stiftstams.at\/index.php?rest_route=%2Fwp%2Fv2%2Ftags&post=3762"}],"curies":[{"name":"wp","href":"https:\/\/api.w.org\/{rel}","templated":true}]}}