{"id":3789,"date":"2021-11-27T10:43:54","date_gmt":"2021-11-27T10:43:54","guid":{"rendered":"http:\/\/www.stiftstams.at\/?p=3789"},"modified":"2021-11-27T10:43:54","modified_gmt":"2021-11-27T10:43:54","slug":"sind-wir-auf-dem-richtigen-weg-gedanken-zum-advent","status":"publish","type":"post","link":"https:\/\/www.stiftstams.at\/?p=3789","title":{"rendered":"Sind wir auf dem richtigen Weg? &#8211; Gedanken zum Advent"},"content":{"rendered":"Der Advent ist die Zeit der Vorbereitung auf Weihnachten, auf das Geburtsfest Jesu. Der Advent ist die Zeit des Wartens, dass er wieder kommt. Der Advent ist die Zeit der Wachsamkeit. Wir sollen wach werden gegen\u00fcber uns selbst. Und wach werden gegen\u00fcber den Wirklichkeiten unserer Welt, in der wir mit anderen leben und die wir miteinander teilen.<\/p>\n<p>Der vierte Lockdown. Es ist wie eine Spirale. Wir erleben Spaltung in unserem Land, in unserem Freundeskreis, in den Familien. Sind wir auf dem richtigen Weg? Als Einzelne? Als Gemeinschaft? Als Gesellschaft? Wir fragen nach dem Weg. Wir sind unsicher geworden. Viele haben Angst: Sie wissen nicht wohin. Keinen festen Weg unter den F\u00fc\u00dfen haben: Die Knie wanken, man kommt ins Flattern, hastet hin und her, die Aufmerksamkeit geht verloren. Und das Gef\u00fchl f\u00fcr den anderen. Zuletzt wei\u00df man nicht mehr aus noch ein.<\/p>\n<p>Wir fragen nach dem Weg. Menschen fragen uns nach dem Weg. Was antworten wir ihnen? Was antworten wir denen, die sich in Sackgassen ihres Lebens verrannt haben? Gib es auf!? Es hat keinen Sinn!? Wir haben viele Stra\u00dfen gebaut. \u00dcberholen und \u00fcberholt werden. Konsumstra\u00dfen auf der Erde, die in der Nacht hell leuchten. Verkehrsstra\u00dfen in der Luft, deren Kondensstreifen sich \u00fcber den Himmel spannen. Geben sie den Suchenden Antworten auf die Frage nach dem Weg? Geben sie uns Antworten?<\/p>\n<p>Leben ist wie das Gehen auf einem Weg. Manchmal bleiben wir stehen, blicken zur\u00fcck, schauen nach vorn. Sind wir auf dem richtigen Weg? Wohin sollen wir gehen? Wir sind Suchende eines Weges, der weiterf\u00fchrt als vor die eigene T\u00fcr und die des anderen. Ein Weg, der \u00fcber uns selbst hinausf\u00fchrt. Die nicht zu stillende Suche, die unendliche Sehnsucht des Menschen kann uns auf ungeahnte Wege bringen. Der Advent ist die Zeit der Wachsamkeit.<\/p>\n<p>P. Gregor Schwabegger OCist","protected":false},"excerpt":{"rendered":"<p>Der Advent ist die Zeit der Vorbereitung auf Weihnachten, auf das Geburtsfest Jesu. Der Advent ist die Zeit des Wartens, dass er wieder kommt. Der Advent ist die Zeit der Wachsamkeit. Wir sollen wach werden gegen\u00fcber uns selbst. Und wach [&#8230;]<\/p>\n","protected":false},"author":2,"featured_media":0,"comment_status":"closed","ping_status":"closed","sticky":false,"template":"","format":"standard","meta":[],"categories":[1],"tags":[],"_links":{"self":[{"href":"https:\/\/www.stiftstams.at\/index.php?rest_route=\/wp\/v2\/posts\/3789"}],"collection":[{"href":"https:\/\/www.stiftstams.at\/index.php?rest_route=\/wp\/v2\/posts"}],"about":[{"href":"https:\/\/www.stiftstams.at\/index.php?rest_route=\/wp\/v2\/types\/post"}],"author":[{"embeddable":true,"href":"https:\/\/www.stiftstams.at\/index.php?rest_route=\/wp\/v2\/users\/2"}],"replies":[{"embeddable":true,"href":"https:\/\/www.stiftstams.at\/index.php?rest_route=%2Fwp%2Fv2%2Fcomments&post=3789"}],"version-history":[{"count":1,"href":"https:\/\/www.stiftstams.at\/index.php?rest_route=\/wp\/v2\/posts\/3789\/revisions"}],"predecessor-version":[{"id":3790,"href":"https:\/\/www.stiftstams.at\/index.php?rest_route=\/wp\/v2\/posts\/3789\/revisions\/3790"}],"wp:attachment":[{"href":"https:\/\/www.stiftstams.at\/index.php?rest_route=%2Fwp%2Fv2%2Fmedia&parent=3789"}],"wp:term":[{"taxonomy":"category","embeddable":true,"href":"https:\/\/www.stiftstams.at\/index.php?rest_route=%2Fwp%2Fv2%2Fcategories&post=3789"},{"taxonomy":"post_tag","embeddable":true,"href":"https:\/\/www.stiftstams.at\/index.php?rest_route=%2Fwp%2Fv2%2Ftags&post=3789"}],"curies":[{"name":"wp","href":"https:\/\/api.w.org\/{rel}","templated":true}]}}