{"id":4412,"date":"2023-09-18T07:45:44","date_gmt":"2023-09-18T07:45:44","guid":{"rendered":"https:\/\/www.stiftstams.at\/?p=4412"},"modified":"2023-09-22T11:43:43","modified_gmt":"2023-09-22T11:43:43","slug":"sonntag-24-09-2023-tag-der-offenen-tuer-tag-des-denkmals","status":"publish","type":"post","link":"https:\/\/www.stiftstams.at\/?p=4412","title":{"rendered":"Sonntag 24.09.2023 Tag der offenen T\u00fcr \/ Tag des Denkmals"},"content":{"rendered":"Zu den Feierlichkeiten anl\u00e4sslich des 750-Jahr-Jubil\u00e4ums der Gr\u00fcndung von Stift Stams laden wir herzlich ein.<\/p>\n<p>10:00 Uhr\u00a0 Festgottesdienst mit Abt German<\/p>\n<p>14:00-17:00 Sonderf\u00fchrungen:<\/p>\n<ul>\n<li>Stiftsbasilika, Epigramme, Bibliothek,<\/li>\n<li>Jubil\u00e4umsausstellung im Museum<\/li>\n<li>Dachboden<\/li>\n<li>Gartenhaus<\/li>\n<li>Obstgarten<\/li>\n<li>Eichenwald Lehrpfad<\/li>\n<\/ul>","protected":false},"excerpt":{"rendered":"<p>Zu den Feierlichkeiten anl\u00e4sslich des 750-Jahr-Jubil\u00e4ums der Gr\u00fcndung von Stift Stams laden wir herzlich ein. 10:00 Uhr\u00a0 Festgottesdienst mit Abt German 14:00-17:00 Sonderf\u00fchrungen: Stiftsbasilika, Epigramme, Bibliothek, Jubil\u00e4umsausstellung im Museum Dachboden Gartenhaus Obstgarten Eichenwald Lehrpfad<\/p>\n","protected":false},"author":2,"featured_media":0,"comment_status":"closed","ping_status":"closed","sticky":false,"template":"","format":"standard","meta":[],"categories":[10],"tags":[],"_links":{"self":[{"href":"https:\/\/www.stiftstams.at\/index.php?rest_route=\/wp\/v2\/posts\/4412"}],"collection":[{"href":"https:\/\/www.stiftstams.at\/index.php?rest_route=\/wp\/v2\/posts"}],"about":[{"href":"https:\/\/www.stiftstams.at\/index.php?rest_route=\/wp\/v2\/types\/post"}],"author":[{"embeddable":true,"href":"https:\/\/www.stiftstams.at\/index.php?rest_route=\/wp\/v2\/users\/2"}],"replies":[{"embeddable":true,"href":"https:\/\/www.stiftstams.at\/index.php?rest_route=%2Fwp%2Fv2%2Fcomments&post=4412"}],"version-history":[{"count":4,"href":"https:\/\/www.stiftstams.at\/index.php?rest_route=\/wp\/v2\/posts\/4412\/revisions"}],"predecessor-version":[{"id":4419,"href":"https:\/\/www.stiftstams.at\/index.php?rest_route=\/wp\/v2\/posts\/4412\/revisions\/4419"}],"wp:attachment":[{"href":"https:\/\/www.stiftstams.at\/index.php?rest_route=%2Fwp%2Fv2%2Fmedia&parent=4412"}],"wp:term":[{"taxonomy":"category","embeddable":true,"href":"https:\/\/www.stiftstams.at\/index.php?rest_route=%2Fwp%2Fv2%2Fcategories&post=4412"},{"taxonomy":"post_tag","embeddable":true,"href":"https:\/\/www.stiftstams.at\/index.php?rest_route=%2Fwp%2Fv2%2Ftags&post=4412"}],"curies":[{"name":"wp","href":"https:\/\/api.w.org\/{rel}","templated":true}]}}