{"id":4776,"date":"2024-11-15T14:36:01","date_gmt":"2024-11-15T14:36:01","guid":{"rendered":"https:\/\/www.stiftstams.at\/?p=4776"},"modified":"2024-11-15T14:36:01","modified_gmt":"2024-11-15T14:36:01","slug":"einladung-zur-buchpraesentation-der-imster-maler-josef-jais","status":"publish","type":"post","link":"https:\/\/www.stiftstams.at\/?p=4776","title":{"rendered":"Einladung zur Buchpr\u00e4sentation: \u201eDer Imster Maler Josef Jais\u201c"},"content":{"rendered":"29. November um 16 Uhr im Gartenhaus<\/p>\n<p>Obwohl die Malerei im Oberland nie die k\u00fcnstlerische Bedeutung der Plastik erlangte, war in der 1. H\u00e4lfte des 18. Jahrhunderts eine Reihe von Freskanten und Tafelbildmalern in der Marktgemeinde Imst t\u00e4tig, die seit dem 17. Jahrhundert als kulturelles Zentrum des Tiroler Oberlandes Bedeutung erlangt hatte. Zu diesen K\u00fcnstlern z\u00e4hlt auch der Maler Josef Jais, der 1716 im Imst geboren wurde und zwischen 1769 und 1771 verstorben sein muss. Ihm konnten durch Stilvergleiche auch die neu entdeckten und freigelegten Fresken im Stamser Gartenhaus zugeschrieben werden, die den Ansto\u00df zu einer Monografie boten. Stilistisch steht Jais dem Augsburger Rokoko nahe. Seine lichtdurchfluteten Fresken z\u00e4hlen zu den reichsten Rokokomalereien im Tiroler Oberland und sind, obwohl fl\u00fcchtig in der Zeichnung, von gro\u00dfz\u00fcgiger, oft eigenwilliger Komposition, k\u00fchnem malerischen Vortrag und temperamentvoll im Kolorit.\n<p><a href=\"http:\/\/www.stiftstams.at\/wp-content\/uploads\/2024\/11\/9783991050599.jpg\"><img loading=\"lazy\" class=\"aligncenter size-full wp-image-4778\" src=\"http:\/\/www.stiftstams.at\/wp-content\/uploads\/2024\/11\/9783991050599.jpg\" alt=\"\" width=\"714\" height=\"836\" srcset=\"https:\/\/www.stiftstams.at\/wp-content\/uploads\/2024\/11\/9783991050599.jpg 714w, https:\/\/www.stiftstams.at\/wp-content\/uploads\/2024\/11\/9783991050599-256x300.jpg 256w\" sizes=\"(max-width: 714px) 100vw, 714px\" \/><\/a>","protected":false},"excerpt":{"rendered":"<p>29. November um 16 Uhr im Gartenhaus Obwohl die Malerei im Oberland nie die k\u00fcnstlerische Bedeutung der Plastik erlangte, war in der 1. H\u00e4lfte des 18. Jahrhunderts eine Reihe von Freskanten und Tafelbildmalern in der Marktgemeinde Imst t\u00e4tig, die seit [&#8230;]<\/p>\n","protected":false},"author":2,"featured_media":0,"comment_status":"closed","ping_status":"closed","sticky":false,"template":"","format":"standard","meta":[],"categories":[10],"tags":[],"_links":{"self":[{"href":"https:\/\/www.stiftstams.at\/index.php?rest_route=\/wp\/v2\/posts\/4776"}],"collection":[{"href":"https:\/\/www.stiftstams.at\/index.php?rest_route=\/wp\/v2\/posts"}],"about":[{"href":"https:\/\/www.stiftstams.at\/index.php?rest_route=\/wp\/v2\/types\/post"}],"author":[{"embeddable":true,"href":"https:\/\/www.stiftstams.at\/index.php?rest_route=\/wp\/v2\/users\/2"}],"replies":[{"embeddable":true,"href":"https:\/\/www.stiftstams.at\/index.php?rest_route=%2Fwp%2Fv2%2Fcomments&post=4776"}],"version-history":[{"count":2,"href":"https:\/\/www.stiftstams.at\/index.php?rest_route=\/wp\/v2\/posts\/4776\/revisions"}],"predecessor-version":[{"id":4779,"href":"https:\/\/www.stiftstams.at\/index.php?rest_route=\/wp\/v2\/posts\/4776\/revisions\/4779"}],"wp:attachment":[{"href":"https:\/\/www.stiftstams.at\/index.php?rest_route=%2Fwp%2Fv2%2Fmedia&parent=4776"}],"wp:term":[{"taxonomy":"category","embeddable":true,"href":"https:\/\/www.stiftstams.at\/index.php?rest_route=%2Fwp%2Fv2%2Fcategories&post=4776"},{"taxonomy":"post_tag","embeddable":true,"href":"https:\/\/www.stiftstams.at\/index.php?rest_route=%2Fwp%2Fv2%2Ftags&post=4776"}],"curies":[{"name":"wp","href":"https:\/\/api.w.org\/{rel}","templated":true}]}}