{"id":668,"date":"2012-07-02T09:34:54","date_gmt":"2012-07-02T09:34:54","guid":{"rendered":"http:\/\/www.stiftstams.at\/?p=668"},"modified":"2012-07-02T09:34:54","modified_gmt":"2012-07-02T09:34:54","slug":"anpassen-oder-abgrenzen","status":"publish","type":"post","link":"https:\/\/www.stiftstams.at\/?p=668","title":{"rendered":"Anpassen oder abgrenzen?"},"content":{"rendered":"<p>Vor dem Zweiten Vatikanischen Konzil hat sich die Kirche von der Welt abgegrenzt. &#8211; War das gut? &#8211; Nach dem Konzil hat die<br \/>\nKirche ihre T\u00fcren und Fenster zur Welt hin ge\u00f6ffnet. &#8211; Ist das schlecht? &#8211; Wir wissen, was Einseitigkeiten in Form von Abgrenzung und Anpassung f\u00fcr<br \/>\nAuswirkungen haben. Beide Formen in je absolutem Ma\u00df sind nicht im Sinne Jesu und nicht gesund. Die Kirche kann sich vor der Welt nicht ganz verschlie\u00dfen,<br \/>\nweil sie Bestandteil dieser Welt ist. Sie kann sich auch nicht ganz der Welt anpassen, sonst verr\u00e4t sie die Sendung Jesu und ist nicht mehr Salz der Erde.<br \/>\nDas kann sie nur, wenn sie mit der Welt in Beziehung bleibt, aber in ihr nicht aufgeht. Und das gilt f\u00fcr jeden Christen.<\/p>\n<p>Hannes Binder, Priester der Di\u00f6zese Innsbruck<\/p>","protected":false},"excerpt":{"rendered":"<p>Vor dem Zweiten Vatikanischen Konzil hat sich die Kirche von der Welt abgegrenzt. &#8211; War das gut? &#8211; Nach dem Konzil hat die Kirche ihre T\u00fcren und Fenster zur Welt hin ge\u00f6ffnet. &#8211; Ist das schlecht? &#8211; Wir wissen, was [&#8230;]<\/p>\n","protected":false},"author":2,"featured_media":0,"comment_status":"closed","ping_status":"closed","sticky":false,"template":"","format":"standard","meta":[],"categories":[1],"tags":[],"_links":{"self":[{"href":"https:\/\/www.stiftstams.at\/index.php?rest_route=\/wp\/v2\/posts\/668"}],"collection":[{"href":"https:\/\/www.stiftstams.at\/index.php?rest_route=\/wp\/v2\/posts"}],"about":[{"href":"https:\/\/www.stiftstams.at\/index.php?rest_route=\/wp\/v2\/types\/post"}],"author":[{"embeddable":true,"href":"https:\/\/www.stiftstams.at\/index.php?rest_route=\/wp\/v2\/users\/2"}],"replies":[{"embeddable":true,"href":"https:\/\/www.stiftstams.at\/index.php?rest_route=%2Fwp%2Fv2%2Fcomments&post=668"}],"version-history":[{"count":3,"href":"https:\/\/www.stiftstams.at\/index.php?rest_route=\/wp\/v2\/posts\/668\/revisions"}],"predecessor-version":[{"id":672,"href":"https:\/\/www.stiftstams.at\/index.php?rest_route=\/wp\/v2\/posts\/668\/revisions\/672"}],"wp:attachment":[{"href":"https:\/\/www.stiftstams.at\/index.php?rest_route=%2Fwp%2Fv2%2Fmedia&parent=668"}],"wp:term":[{"taxonomy":"category","embeddable":true,"href":"https:\/\/www.stiftstams.at\/index.php?rest_route=%2Fwp%2Fv2%2Fcategories&post=668"},{"taxonomy":"post_tag","embeddable":true,"href":"https:\/\/www.stiftstams.at\/index.php?rest_route=%2Fwp%2Fv2%2Ftags&post=668"}],"curies":[{"name":"wp","href":"https:\/\/api.w.org\/{rel}","templated":true}]}}