{"id":770,"date":"2013-03-15T09:59:50","date_gmt":"2013-03-15T09:59:50","guid":{"rendered":"http:\/\/www.stiftstams.at\/?p=770"},"modified":"2013-03-15T17:16:12","modified_gmt":"2013-03-15T17:16:12","slug":"770","status":"publish","type":"post","link":"https:\/\/www.stiftstams.at\/?p=770","title":{"rendered":"740 Jahre Stift Stams"},"content":{"rendered":"<p>Anl\u00e4sslich des Gr\u00fcndungstages des Stiftes feierte am 12. M\u00e4rz Abt German mit dem Konvent und zahlreichen Freunden des Stiftes in der Basilika einen Gottesdienst. In seiner Predigt wies Abt German auf die Bedeutung der Kl\u00f6ster f\u00fcr die Christianisierung Europas hin. Er sprach auch \u00fcber die Rolle des Klosters als Bildungszentrum f\u00fcr die heutige Zeit. Der Gottesdienst wurde musikalisch von Fr. Martin und Sch\u00fclerinnen und Sch\u00fclern des Meinhardinums mit Frau Mag. Petra Schmid-Weiss gestaltet. Anschlie\u00dfend an den Gottesdienst lud der Abt zum Mittagessen im Refektorium ein.<\/p>\n<div id='gallery-1' class='gallery galleryid-770 gallery-columns-3 gallery-size-thumbnail'><dl class='gallery-item'>\n\t\t\t<dt class='gallery-icon landscape'>\n\t\t\t\t<a href='https:\/\/www.stiftstams.at\/?attachment_id=771'><img width=\"150\" height=\"150\" src=\"https:\/\/www.stiftstams.at\/wp-content\/uploads\/2013\/03\/P3120547sc-150x150.jpg\" class=\"attachment-thumbnail size-thumbnail\" alt=\"\" loading=\"lazy\" srcset=\"https:\/\/www.stiftstams.at\/wp-content\/uploads\/2013\/03\/P3120547sc-150x150.jpg 150w, https:\/\/www.stiftstams.at\/wp-content\/uploads\/2013\/03\/P3120547sc-92x92.jpg 92w\" sizes=\"(max-width: 150px) 100vw, 150px\" \/><\/a>\n\t\t\t<\/dt><\/dl><dl class='gallery-item'>\n\t\t\t<dt class='gallery-icon landscape'>\n\t\t\t\t<a href='https:\/\/www.stiftstams.at\/?attachment_id=772'><img width=\"150\" height=\"150\" src=\"https:\/\/www.stiftstams.at\/wp-content\/uploads\/2013\/03\/P3120560sc-150x150.jpg\" class=\"attachment-thumbnail size-thumbnail\" alt=\"\" loading=\"lazy\" srcset=\"https:\/\/www.stiftstams.at\/wp-content\/uploads\/2013\/03\/P3120560sc-150x150.jpg 150w, https:\/\/www.stiftstams.at\/wp-content\/uploads\/2013\/03\/P3120560sc-92x92.jpg 92w\" sizes=\"(max-width: 150px) 100vw, 150px\" \/><\/a>\n\t\t\t<\/dt><\/dl><dl class='gallery-item'>\n\t\t\t<dt class='gallery-icon landscape'>\n\t\t\t\t<a href='https:\/\/www.stiftstams.at\/?attachment_id=773'><img width=\"150\" height=\"150\" src=\"https:\/\/www.stiftstams.at\/wp-content\/uploads\/2013\/03\/P3120578sc-150x150.jpg\" class=\"attachment-thumbnail size-thumbnail\" alt=\"\" loading=\"lazy\" srcset=\"https:\/\/www.stiftstams.at\/wp-content\/uploads\/2013\/03\/P3120578sc-150x150.jpg 150w, https:\/\/www.stiftstams.at\/wp-content\/uploads\/2013\/03\/P3120578sc-92x92.jpg 92w\" sizes=\"(max-width: 150px) 100vw, 150px\" \/><\/a>\n\t\t\t<\/dt><\/dl><br style=\"clear: both\" \/>\n\t\t<\/div>\n\n<p>&nbsp;<\/p>","protected":false},"excerpt":{"rendered":"<p>Anl\u00e4sslich des Gr\u00fcndungstages des Stiftes feierte am 12. M\u00e4rz Abt German mit dem Konvent und zahlreichen Freunden des Stiftes in der Basilika einen Gottesdienst. In seiner Predigt wies Abt German auf die Bedeutung der Kl\u00f6ster f\u00fcr die Christianisierung Europas hin. [&#8230;]<\/p>\n","protected":false},"author":2,"featured_media":0,"comment_status":"closed","ping_status":"closed","sticky":false,"template":"","format":"standard","meta":[],"categories":[10],"tags":[],"_links":{"self":[{"href":"https:\/\/www.stiftstams.at\/index.php?rest_route=\/wp\/v2\/posts\/770"}],"collection":[{"href":"https:\/\/www.stiftstams.at\/index.php?rest_route=\/wp\/v2\/posts"}],"about":[{"href":"https:\/\/www.stiftstams.at\/index.php?rest_route=\/wp\/v2\/types\/post"}],"author":[{"embeddable":true,"href":"https:\/\/www.stiftstams.at\/index.php?rest_route=\/wp\/v2\/users\/2"}],"replies":[{"embeddable":true,"href":"https:\/\/www.stiftstams.at\/index.php?rest_route=%2Fwp%2Fv2%2Fcomments&post=770"}],"version-history":[{"count":4,"href":"https:\/\/www.stiftstams.at\/index.php?rest_route=\/wp\/v2\/posts\/770\/revisions"}],"predecessor-version":[{"id":777,"href":"https:\/\/www.stiftstams.at\/index.php?rest_route=\/wp\/v2\/posts\/770\/revisions\/777"}],"wp:attachment":[{"href":"https:\/\/www.stiftstams.at\/index.php?rest_route=%2Fwp%2Fv2%2Fmedia&parent=770"}],"wp:term":[{"taxonomy":"category","embeddable":true,"href":"https:\/\/www.stiftstams.at\/index.php?rest_route=%2Fwp%2Fv2%2Fcategories&post=770"},{"taxonomy":"post_tag","embeddable":true,"href":"https:\/\/www.stiftstams.at\/index.php?rest_route=%2Fwp%2Fv2%2Ftags&post=770"}],"curies":[{"name":"wp","href":"https:\/\/api.w.org\/{rel}","templated":true}]}}