{"id":825,"date":"2013-05-23T22:49:23","date_gmt":"2013-05-23T22:49:23","guid":{"rendered":"http:\/\/www.stiftstams.at\/?p=825"},"modified":"2013-05-23T23:03:30","modified_gmt":"2013-05-23T23:03:30","slug":"veroffentlichung-des-stamser-urkundenarchivs-auf-monasterium-net","status":"publish","type":"post","link":"https:\/\/www.stiftstams.at\/?p=825","title":{"rendered":"Ver\u00f6ffentlichung des Stamser Urkundenarchivs auf monasterium.net"},"content":{"rendered":"<p>Am 23. Mai wurde in einer Feier die Ver\u00f6ffentlichung eines Teiles der Urkunden des Stamser Stiftsarchiv im Internet vorgestellt. Die Urkunden waren im Sommer 2012 im Rahmen des Projektes<span style=\"color: #0000ff;\"><a href=\"http:\/\/monasterium.net\/pages\/de.php?lang=DE\"><span style=\"color: #0000ff;\"> monasterium.net\u00a0<\/span><\/a><\/span> von Robert und Kerstin Reiter gescannt worden. Abt German stellte in seiner Begr\u00fc\u00dfung fest, dass ein umfangreicher Teil der Stamser Urkunden als erste eines Tiroler Stiftes so der Allgemeinheit zug\u00e4nglich gemacht werden.\u00a0 In seiner Rede stellte Dr. Karl Heinz das Projekt monasterium vor. Mag. Karl Palfrader erl\u00e4uterte den Aufbau des Stamser Stiftsarchivs und versuchte durch das Aufzeigen einiger Beispiele\u00a0 zum Bl\u00e4ttern auf monasterium.net anzuregen.<div id='gallery-1' class='gallery galleryid-825 gallery-columns-1 gallery-size-thumbnail'><dl class='gallery-item'>\n\t\t\t<dt class='gallery-icon portrait'>\n\t\t\t\t<a href='https:\/\/www.stiftstams.at\/?attachment_id=826'><img width=\"150\" height=\"150\" src=\"https:\/\/www.stiftstams.at\/wp-content\/uploads\/2013\/05\/IMG_3807sc-150x150.jpg\" class=\"attachment-thumbnail size-thumbnail\" alt=\"\" loading=\"lazy\" srcset=\"https:\/\/www.stiftstams.at\/wp-content\/uploads\/2013\/05\/IMG_3807sc-150x150.jpg 150w, https:\/\/www.stiftstams.at\/wp-content\/uploads\/2013\/05\/IMG_3807sc-92x92.jpg 92w\" sizes=\"(max-width: 150px) 100vw, 150px\" \/><\/a>\n\t\t\t<\/dt><\/dl><br style=\"clear: both\" \/><dl class='gallery-item'>\n\t\t\t<dt class='gallery-icon landscape'>\n\t\t\t\t<a href='https:\/\/www.stiftstams.at\/?attachment_id=827'><img width=\"150\" height=\"150\" src=\"https:\/\/www.stiftstams.at\/wp-content\/uploads\/2013\/05\/IMG_3814sc-150x150.jpg\" class=\"attachment-thumbnail size-thumbnail\" alt=\"\" loading=\"lazy\" srcset=\"https:\/\/www.stiftstams.at\/wp-content\/uploads\/2013\/05\/IMG_3814sc-150x150.jpg 150w, https:\/\/www.stiftstams.at\/wp-content\/uploads\/2013\/05\/IMG_3814sc-92x92.jpg 92w\" sizes=\"(max-width: 150px) 100vw, 150px\" \/><\/a>\n\t\t\t<\/dt><\/dl><br style=\"clear: both\" \/><dl class='gallery-item'>\n\t\t\t<dt class='gallery-icon landscape'>\n\t\t\t\t<a href='https:\/\/www.stiftstams.at\/?attachment_id=828'><img width=\"150\" height=\"150\" src=\"https:\/\/www.stiftstams.at\/wp-content\/uploads\/2013\/05\/IMG_3817sc-150x150.jpg\" class=\"attachment-thumbnail size-thumbnail\" alt=\"\" loading=\"lazy\" srcset=\"https:\/\/www.stiftstams.at\/wp-content\/uploads\/2013\/05\/IMG_3817sc-150x150.jpg 150w, https:\/\/www.stiftstams.at\/wp-content\/uploads\/2013\/05\/IMG_3817sc-92x92.jpg 92w\" sizes=\"(max-width: 150px) 100vw, 150px\" \/><\/a>\n\t\t\t<\/dt><\/dl><br style=\"clear: both\" \/><dl class='gallery-item'>\n\t\t\t<dt class='gallery-icon landscape'>\n\t\t\t\t<a href='https:\/\/www.stiftstams.at\/?attachment_id=829'><img width=\"150\" height=\"150\" src=\"https:\/\/www.stiftstams.at\/wp-content\/uploads\/2013\/05\/IMG_3827sc-150x150.jpg\" class=\"attachment-thumbnail size-thumbnail\" alt=\"\" loading=\"lazy\" srcset=\"https:\/\/www.stiftstams.at\/wp-content\/uploads\/2013\/05\/IMG_3827sc-150x150.jpg 150w, https:\/\/www.stiftstams.at\/wp-content\/uploads\/2013\/05\/IMG_3827sc-92x92.jpg 92w\" sizes=\"(max-width: 150px) 100vw, 150px\" \/><\/a>\n\t\t\t<\/dt><\/dl><br style=\"clear: both\" \/>\n\t\t<\/div>\n\n<p>&nbsp;<\/p>\n<p>&nbsp;<\/p>\n<p>&nbsp;<\/p>\n<p>&nbsp;<\/p>","protected":false},"excerpt":{"rendered":"<p>Am 23. Mai wurde in einer Feier die Ver\u00f6ffentlichung eines Teiles der Urkunden des Stamser Stiftsarchiv im Internet vorgestellt. Die Urkunden waren im Sommer 2012 im Rahmen des Projektes monasterium.net\u00a0 von Robert und Kerstin Reiter gescannt worden. Abt German stellte [&#8230;]<\/p>\n","protected":false},"author":2,"featured_media":0,"comment_status":"closed","ping_status":"closed","sticky":false,"template":"","format":"standard","meta":[],"categories":[10],"tags":[],"_links":{"self":[{"href":"https:\/\/www.stiftstams.at\/index.php?rest_route=\/wp\/v2\/posts\/825"}],"collection":[{"href":"https:\/\/www.stiftstams.at\/index.php?rest_route=\/wp\/v2\/posts"}],"about":[{"href":"https:\/\/www.stiftstams.at\/index.php?rest_route=\/wp\/v2\/types\/post"}],"author":[{"embeddable":true,"href":"https:\/\/www.stiftstams.at\/index.php?rest_route=\/wp\/v2\/users\/2"}],"replies":[{"embeddable":true,"href":"https:\/\/www.stiftstams.at\/index.php?rest_route=%2Fwp%2Fv2%2Fcomments&post=825"}],"version-history":[{"count":13,"href":"https:\/\/www.stiftstams.at\/index.php?rest_route=\/wp\/v2\/posts\/825\/revisions"}],"predecessor-version":[{"id":844,"href":"https:\/\/www.stiftstams.at\/index.php?rest_route=\/wp\/v2\/posts\/825\/revisions\/844"}],"wp:attachment":[{"href":"https:\/\/www.stiftstams.at\/index.php?rest_route=%2Fwp%2Fv2%2Fmedia&parent=825"}],"wp:term":[{"taxonomy":"category","embeddable":true,"href":"https:\/\/www.stiftstams.at\/index.php?rest_route=%2Fwp%2Fv2%2Fcategories&post=825"},{"taxonomy":"post_tag","embeddable":true,"href":"https:\/\/www.stiftstams.at\/index.php?rest_route=%2Fwp%2Fv2%2Ftags&post=825"}],"curies":[{"name":"wp","href":"https:\/\/api.w.org\/{rel}","templated":true}]}}